{"id":10766,"date":"2025-12-04T12:40:36","date_gmt":"2025-12-04T11:40:36","guid":{"rendered":"https:\/\/gregoirmotorbikes.be\/la-nouvelle-bmw-f-450-gs-chaque-jour-est-une-aventure\/"},"modified":"2025-12-04T13:14:13","modified_gmt":"2025-12-04T12:14:13","slug":"la-nouvelle-bmw-f-450-gs-chaque-jour-est-une-aventure","status":"publish","type":"post","link":"https:\/\/gregoirmotorbikes.be\/fr\/la-nouvelle-bmw-f-450-gs-chaque-jour-est-une-aventure\/","title":{"rendered":"La Nouvelle BMW F 450 GS. Chaque jour est une aventure."},"content":{"rendered":"\n<p>Soyez spontan\u00e9. Brisez la routine. Avec la BMW F 450 GS, chaque jour devient une aventure.<br\/>Son nouveau moteur bicylindre de 48 ch pour 178 kg seulement fait de chaque trajet un jeu d\u2019enfant.<br\/>Car l\u2019aventure ne doit pas forc\u00e9ment \u00eatre grande pour \u00eatre inoubliable.<br\/>Le plus important, c\u2019est que vous la red\u00e9couvriez chaque jour.<\/p>\n\n<h3 class=\"wp-block-heading\">Plus d&#8217;informations sur le mod\u00e8le<\/h3>\n\n<div class=\"wp-block-buttons is-layout-flex wp-block-buttons-is-layout-flex\">\n<div class=\"wp-block-button\"><a class=\"wp-block-button__link wp-element-button\" href=\"https:\/\/www.bmw-motorrad.be\/fr\/models\/adventure\/f450gs.html\" target=\"_blank\" rel=\"noreferrer noopener\">F 450 GS | BMW Motorrad<\/a><\/div>\n<\/div>\n\n<figure class=\"wp-block-gallery has-nested-images columns-default is-cropped wp-block-gallery-1 is-layout-flex wp-block-gallery-is-layout-flex\">\n<figure class=\"wp-block-image size-large\"><img fetchpriority=\"high\" decoding=\"async\" width=\"1024\" height=\"939\" data-id=\"10752\" src=\"https:\/\/gregoirmotorbikes-109ad.kxcdn.com\/wp-content\/uploads\/2025\/12\/P90623473_highRes_bmw-motorrad-present-1024x939.jpg\" alt=\"\" class=\"wp-image-10752\" srcset=\"https:\/\/gregoirmotorbikes-109ad.kxcdn.com\/wp-content\/uploads\/2025\/12\/P90623473_highRes_bmw-motorrad-present-1024x939.jpg 1024w, https:\/\/gregoirmotorbikes-109ad.kxcdn.com\/wp-content\/uploads\/2025\/12\/P90623473_highRes_bmw-motorrad-present-300x275.jpg 300w, https:\/\/gregoirmotorbikes-109ad.kxcdn.com\/wp-content\/uploads\/2025\/12\/P90623473_highRes_bmw-motorrad-present-768x704.jpg 768w, https:\/\/gregoirmotorbikes-109ad.kxcdn.com\/wp-content\/uploads\/2025\/12\/P90623473_highRes_bmw-motorrad-present.jpg 1178w\" sizes=\"(max-width: 1024px) 100vw, 1024px\" \/><\/figure>\n\n\n\n<figure class=\"wp-block-image size-large\"><img decoding=\"async\" width=\"1024\" height=\"576\" data-id=\"10758\" src=\"https:\/\/gregoirmotorbikes-109ad.kxcdn.com\/wp-content\/uploads\/2025\/12\/P90623474_highRes_bmw-motorrad-present-1-1024x576.jpg\" alt=\"\" class=\"wp-image-10758\" srcset=\"https:\/\/gregoirmotorbikes-109ad.kxcdn.com\/wp-content\/uploads\/2025\/12\/P90623474_highRes_bmw-motorrad-present-1-1024x576.jpg 1024w, https:\/\/gregoirmotorbikes-109ad.kxcdn.com\/wp-content\/uploads\/2025\/12\/P90623474_highRes_bmw-motorrad-present-1-300x169.jpg 300w, https:\/\/gregoirmotorbikes-109ad.kxcdn.com\/wp-content\/uploads\/2025\/12\/P90623474_highRes_bmw-motorrad-present-1-768x432.jpg 768w, https:\/\/gregoirmotorbikes-109ad.kxcdn.com\/wp-content\/uploads\/2025\/12\/P90623474_highRes_bmw-motorrad-present-1-1536x864.jpg 1536w, https:\/\/gregoirmotorbikes-109ad.kxcdn.com\/wp-content\/uploads\/2025\/12\/P90623474_highRes_bmw-motorrad-present-1.jpg 1920w\" sizes=\"(max-width: 1024px) 100vw, 1024px\" \/><\/figure>\n\n\n\n<figure class=\"wp-block-image size-large\"><img decoding=\"async\" width=\"1024\" height=\"1024\" data-id=\"10754\" src=\"https:\/\/gregoirmotorbikes-109ad.kxcdn.com\/wp-content\/uploads\/2025\/12\/P90623475_highRes_bmw-motorrad-present-1024x1024.jpg\" alt=\"\" class=\"wp-image-10754\" srcset=\"https:\/\/gregoirmotorbikes-109ad.kxcdn.com\/wp-content\/uploads\/2025\/12\/P90623475_highRes_bmw-motorrad-present-1024x1024.jpg 1024w, https:\/\/gregoirmotorbikes-109ad.kxcdn.com\/wp-content\/uploads\/2025\/12\/P90623475_highRes_bmw-motorrad-present-300x300.jpg 300w, https:\/\/gregoirmotorbikes-109ad.kxcdn.com\/wp-content\/uploads\/2025\/12\/P90623475_highRes_bmw-motorrad-present-150x150.jpg 150w, https:\/\/gregoirmotorbikes-109ad.kxcdn.com\/wp-content\/uploads\/2025\/12\/P90623475_highRes_bmw-motorrad-present-768x768.jpg 768w, https:\/\/gregoirmotorbikes-109ad.kxcdn.com\/wp-content\/uploads\/2025\/12\/P90623475_highRes_bmw-motorrad-present.jpg 1080w\" sizes=\"(max-width: 1024px) 100vw, 1024px\" \/><\/figure>\n\n\n\n<figure class=\"wp-block-image size-large\"><img loading=\"lazy\" decoding=\"async\" width=\"1024\" height=\"1024\" data-id=\"10756\" src=\"https:\/\/gregoirmotorbikes-109ad.kxcdn.com\/wp-content\/uploads\/2025\/12\/P90623476_highRes_bmw-motorrad-present-1024x1024.jpg\" alt=\"\" class=\"wp-image-10756\" srcset=\"https:\/\/gregoirmotorbikes-109ad.kxcdn.com\/wp-content\/uploads\/2025\/12\/P90623476_highRes_bmw-motorrad-present-1024x1024.jpg 1024w, https:\/\/gregoirmotorbikes-109ad.kxcdn.com\/wp-content\/uploads\/2025\/12\/P90623476_highRes_bmw-motorrad-present-300x300.jpg 300w, https:\/\/gregoirmotorbikes-109ad.kxcdn.com\/wp-content\/uploads\/2025\/12\/P90623476_highRes_bmw-motorrad-present-150x150.jpg 150w, https:\/\/gregoirmotorbikes-109ad.kxcdn.com\/wp-content\/uploads\/2025\/12\/P90623476_highRes_bmw-motorrad-present-768x768.jpg 768w, https:\/\/gregoirmotorbikes-109ad.kxcdn.com\/wp-content\/uploads\/2025\/12\/P90623476_highRes_bmw-motorrad-present.jpg 1080w\" sizes=\"(max-width: 1024px) 100vw, 1024px\" \/><\/figure>\n\n\n\n<figure class=\"wp-block-image size-large\"><img loading=\"lazy\" decoding=\"async\" width=\"1024\" height=\"1024\" data-id=\"10750\" src=\"https:\/\/gregoirmotorbikes-109ad.kxcdn.com\/wp-content\/uploads\/2025\/12\/P90623479_highRes_bmw-motorrad-present-1024x1024.jpg\" alt=\"\" class=\"wp-image-10750\" srcset=\"https:\/\/gregoirmotorbikes-109ad.kxcdn.com\/wp-content\/uploads\/2025\/12\/P90623479_highRes_bmw-motorrad-present-1024x1024.jpg 1024w, https:\/\/gregoirmotorbikes-109ad.kxcdn.com\/wp-content\/uploads\/2025\/12\/P90623479_highRes_bmw-motorrad-present-300x300.jpg 300w, https:\/\/gregoirmotorbikes-109ad.kxcdn.com\/wp-content\/uploads\/2025\/12\/P90623479_highRes_bmw-motorrad-present-150x150.jpg 150w, https:\/\/gregoirmotorbikes-109ad.kxcdn.com\/wp-content\/uploads\/2025\/12\/P90623479_highRes_bmw-motorrad-present-768x768.jpg 768w, https:\/\/gregoirmotorbikes-109ad.kxcdn.com\/wp-content\/uploads\/2025\/12\/P90623479_highRes_bmw-motorrad-present.jpg 1080w\" sizes=\"(max-width: 1024px) 100vw, 1024px\" \/><\/figure>\n\n\n\n<figure class=\"wp-block-image size-large\"><img loading=\"lazy\" decoding=\"async\" width=\"1024\" height=\"1024\" data-id=\"10748\" src=\"https:\/\/gregoirmotorbikes-109ad.kxcdn.com\/wp-content\/uploads\/2025\/12\/P90623480_highRes_bmw-motorrad-present-1024x1024.jpg\" alt=\"\" class=\"wp-image-10748\" srcset=\"https:\/\/gregoirmotorbikes-109ad.kxcdn.com\/wp-content\/uploads\/2025\/12\/P90623480_highRes_bmw-motorrad-present-1024x1024.jpg 1024w, https:\/\/gregoirmotorbikes-109ad.kxcdn.com\/wp-content\/uploads\/2025\/12\/P90623480_highRes_bmw-motorrad-present-300x300.jpg 300w, https:\/\/gregoirmotorbikes-109ad.kxcdn.com\/wp-content\/uploads\/2025\/12\/P90623480_highRes_bmw-motorrad-present-150x150.jpg 150w, https:\/\/gregoirmotorbikes-109ad.kxcdn.com\/wp-content\/uploads\/2025\/12\/P90623480_highRes_bmw-motorrad-present-768x768.jpg 768w, https:\/\/gregoirmotorbikes-109ad.kxcdn.com\/wp-content\/uploads\/2025\/12\/P90623480_highRes_bmw-motorrad-present.jpg 1080w\" sizes=\"(max-width: 1024px) 100vw, 1024px\" \/><\/figure>\n<\/figure>\n","protected":false},"excerpt":{"rendered":"<p>Soyez spontan\u00e9. Brisez la routine. Avec la BMW F 450 GS, chaque jour devient une aventure.Son nouveau moteur bicylindre de 48 ch pour 178 kg seulement fait de chaque trajet un jeu d\u2019enfant.Car l\u2019aventure ne doit pas forc\u00e9ment \u00eatre grande pour \u00eatre inoubliable.Le plus important, c\u2019est que vous la red\u00e9couvriez chaque jour. Plus d&#8217;informations sur [&hellip;]<\/p>\n","protected":false},"author":1,"featured_media":10747,"comment_status":"closed","ping_status":"closed","sticky":false,"template":"","format":"standard","meta":{"footnotes":""},"categories":[2],"tags":[],"class_list":["post-10766","post","type-post","status-publish","format-standard","has-post-thumbnail","hentry","category-actualite"],"yoast_head":"<!-- This site is optimized with the Yoast SEO plugin v27.4 - https:\/\/yoast.com\/product\/yoast-seo-wordpress\/ -->\n<title>La Nouvelle BMW F 450 GS. Chaque jour est une aventure. - Gregoir Motorbikes.<\/title>\n<meta name=\"robots\" content=\"index, follow, max-snippet:-1, max-image-preview:large, max-video-preview:-1\" \/>\n<link rel=\"canonical\" href=\"https:\/\/gregoirmotorbikes.be\/de-nieuwe-bmw-f-450-gs-elke-dag-een-avontuur\/\" \/>\n<meta property=\"og:locale\" content=\"fr_FR\" \/>\n<meta property=\"og:type\" content=\"article\" \/>\n<meta property=\"og:title\" content=\"La Nouvelle BMW F 450 GS. Chaque jour est une aventure. - Gregoir Motorbikes.\" \/>\n<meta property=\"og:description\" content=\"Soyez spontan\u00e9. Brisez la routine. Avec la BMW F 450 GS, chaque jour devient une aventure.Son nouveau moteur bicylindre de 48 ch pour 178 kg seulement fait de chaque trajet un jeu d\u2019enfant.Car l\u2019aventure ne doit pas forc\u00e9ment \u00eatre grande pour \u00eatre inoubliable.Le plus important, c\u2019est que vous la red\u00e9couvriez chaque jour. Plus d&#8217;informations sur [&hellip;]\" \/>\n<meta property=\"og:url\" content=\"https:\/\/gregoirmotorbikes.be\/de-nieuwe-bmw-f-450-gs-elke-dag-een-avontuur\/\" \/>\n<meta property=\"og:site_name\" content=\"Gregoir Motorbikes.\" \/>\n<meta property=\"article:published_time\" content=\"2025-12-04T11:40:36+00:00\" \/>\n<meta property=\"article:modified_time\" content=\"2025-12-04T12:14:13+00:00\" \/>\n<meta property=\"og:image\" content=\"https:\/\/gregoirmotorbikes-109ad.kxcdn.com\/wp-content\/uploads\/2025\/12\/P90624062_highRes_bmw-f-450-gs-and-r-1.jpg\" \/>\n\t<meta property=\"og:image:width\" content=\"1920\" \/>\n\t<meta property=\"og:image:height\" content=\"1035\" \/>\n\t<meta property=\"og:image:type\" content=\"image\/jpeg\" \/>\n<meta name=\"author\" content=\"Bartman\" \/>\n<meta name=\"twitter:card\" content=\"summary_large_image\" \/>\n<meta name=\"twitter:label1\" content=\"\u00c9crit par\" \/>\n\t<meta name=\"twitter:data1\" content=\"Bartman\" \/>\n<script type=\"application\/ld+json\" class=\"yoast-schema-graph\">{\"@context\":\"https:\\\/\\\/schema.org\",\"@graph\":[{\"@type\":\"Article\",\"@id\":\"https:\\\/\\\/gregoirmotorbikes.be\\\/de-nieuwe-bmw-f-450-gs-elke-dag-een-avontuur\\\/#article\",\"isPartOf\":{\"@id\":\"https:\\\/\\\/gregoirmotorbikes.be\\\/de-nieuwe-bmw-f-450-gs-elke-dag-een-avontuur\\\/\"},\"author\":{\"name\":\"Bartman\",\"@id\":\"https:\\\/\\\/gregoirmotorbikes.be\\\/#\\\/schema\\\/person\\\/b7b3ec3329580d50844091fedbfcfafc\"},\"headline\":\"La Nouvelle BMW F 450 GS. Chaque jour est une aventure.\",\"datePublished\":\"2025-12-04T11:40:36+00:00\",\"dateModified\":\"2025-12-04T12:14:13+00:00\",\"mainEntityOfPage\":{\"@id\":\"https:\\\/\\\/gregoirmotorbikes.be\\\/de-nieuwe-bmw-f-450-gs-elke-dag-een-avontuur\\\/\"},\"wordCount\":78,\"image\":{\"@id\":\"https:\\\/\\\/gregoirmotorbikes.be\\\/de-nieuwe-bmw-f-450-gs-elke-dag-een-avontuur\\\/#primaryimage\"},\"thumbnailUrl\":\"https:\\\/\\\/gregoirmotorbikes.be\\\/wp-content\\\/uploads\\\/2025\\\/12\\\/P90624062_highRes_bmw-f-450-gs-and-r-1.jpg\",\"articleSection\":[\"Actualit\u00e9\"],\"inLanguage\":\"fr-FR\"},{\"@type\":\"WebPage\",\"@id\":\"https:\\\/\\\/gregoirmotorbikes.be\\\/de-nieuwe-bmw-f-450-gs-elke-dag-een-avontuur\\\/\",\"url\":\"https:\\\/\\\/gregoirmotorbikes.be\\\/de-nieuwe-bmw-f-450-gs-elke-dag-een-avontuur\\\/\",\"name\":\"La Nouvelle BMW F 450 GS. Chaque jour est une aventure. - Gregoir Motorbikes.\",\"isPartOf\":{\"@id\":\"https:\\\/\\\/gregoirmotorbikes.be\\\/#website\"},\"primaryImageOfPage\":{\"@id\":\"https:\\\/\\\/gregoirmotorbikes.be\\\/de-nieuwe-bmw-f-450-gs-elke-dag-een-avontuur\\\/#primaryimage\"},\"image\":{\"@id\":\"https:\\\/\\\/gregoirmotorbikes.be\\\/de-nieuwe-bmw-f-450-gs-elke-dag-een-avontuur\\\/#primaryimage\"},\"thumbnailUrl\":\"https:\\\/\\\/gregoirmotorbikes.be\\\/wp-content\\\/uploads\\\/2025\\\/12\\\/P90624062_highRes_bmw-f-450-gs-and-r-1.jpg\",\"datePublished\":\"2025-12-04T11:40:36+00:00\",\"dateModified\":\"2025-12-04T12:14:13+00:00\",\"author\":{\"@id\":\"https:\\\/\\\/gregoirmotorbikes.be\\\/#\\\/schema\\\/person\\\/b7b3ec3329580d50844091fedbfcfafc\"},\"breadcrumb\":{\"@id\":\"https:\\\/\\\/gregoirmotorbikes.be\\\/de-nieuwe-bmw-f-450-gs-elke-dag-een-avontuur\\\/#breadcrumb\"},\"inLanguage\":\"fr-FR\",\"potentialAction\":[{\"@type\":\"ReadAction\",\"target\":[\"https:\\\/\\\/gregoirmotorbikes.be\\\/de-nieuwe-bmw-f-450-gs-elke-dag-een-avontuur\\\/\"]}]},{\"@type\":\"ImageObject\",\"inLanguage\":\"fr-FR\",\"@id\":\"https:\\\/\\\/gregoirmotorbikes.be\\\/de-nieuwe-bmw-f-450-gs-elke-dag-een-avontuur\\\/#primaryimage\",\"url\":\"https:\\\/\\\/gregoirmotorbikes.be\\\/wp-content\\\/uploads\\\/2025\\\/12\\\/P90624062_highRes_bmw-f-450-gs-and-r-1.jpg\",\"contentUrl\":\"https:\\\/\\\/gregoirmotorbikes.be\\\/wp-content\\\/uploads\\\/2025\\\/12\\\/P90624062_highRes_bmw-f-450-gs-and-r-1.jpg\",\"width\":1920,\"height\":1035},{\"@type\":\"BreadcrumbList\",\"@id\":\"https:\\\/\\\/gregoirmotorbikes.be\\\/de-nieuwe-bmw-f-450-gs-elke-dag-een-avontuur\\\/#breadcrumb\",\"itemListElement\":[{\"@type\":\"ListItem\",\"position\":1,\"name\":\"Home\",\"item\":\"https:\\\/\\\/gregoirmotorbikes.be\\\/fr\\\/\"},{\"@type\":\"ListItem\",\"position\":2,\"name\":\"La Nouvelle BMW F 450 GS. Chaque jour est une aventure.\"}]},{\"@type\":\"WebSite\",\"@id\":\"https:\\\/\\\/gregoirmotorbikes.be\\\/#website\",\"url\":\"https:\\\/\\\/gregoirmotorbikes.be\\\/\",\"name\":\"Gregoir Motorbikes.\",\"description\":\"\",\"potentialAction\":[{\"@type\":\"SearchAction\",\"target\":{\"@type\":\"EntryPoint\",\"urlTemplate\":\"https:\\\/\\\/gregoirmotorbikes.be\\\/?s={search_term_string}\"},\"query-input\":{\"@type\":\"PropertyValueSpecification\",\"valueRequired\":true,\"valueName\":\"search_term_string\"}}],\"inLanguage\":\"fr-FR\"},{\"@type\":\"Person\",\"@id\":\"https:\\\/\\\/gregoirmotorbikes.be\\\/#\\\/schema\\\/person\\\/b7b3ec3329580d50844091fedbfcfafc\",\"name\":\"Bartman\",\"url\":\"https:\\\/\\\/gregoirmotorbikes.be\\\/fr\\\/author\\\/bartman\\\/\"}]}<\/script>\n<!-- \/ Yoast SEO plugin. -->","yoast_head_json":{"title":"La Nouvelle BMW F 450 GS. Chaque jour est une aventure. - Gregoir Motorbikes.","robots":{"index":"index","follow":"follow","max-snippet":"max-snippet:-1","max-image-preview":"max-image-preview:large","max-video-preview":"max-video-preview:-1"},"canonical":"https:\/\/gregoirmotorbikes.be\/de-nieuwe-bmw-f-450-gs-elke-dag-een-avontuur\/","og_locale":"fr_FR","og_type":"article","og_title":"La Nouvelle BMW F 450 GS. Chaque jour est une aventure. - Gregoir Motorbikes.","og_description":"Soyez spontan\u00e9. Brisez la routine. Avec la BMW F 450 GS, chaque jour devient une aventure.Son nouveau moteur bicylindre de 48 ch pour 178 kg seulement fait de chaque trajet un jeu d\u2019enfant.Car l\u2019aventure ne doit pas forc\u00e9ment \u00eatre grande pour \u00eatre inoubliable.Le plus important, c\u2019est que vous la red\u00e9couvriez chaque jour. Plus d&#8217;informations sur [&hellip;]","og_url":"https:\/\/gregoirmotorbikes.be\/de-nieuwe-bmw-f-450-gs-elke-dag-een-avontuur\/","og_site_name":"Gregoir Motorbikes.","article_published_time":"2025-12-04T11:40:36+00:00","article_modified_time":"2025-12-04T12:14:13+00:00","og_image":[{"width":1920,"height":1035,"url":"https:\/\/gregoirmotorbikes-109ad.kxcdn.com\/wp-content\/uploads\/2025\/12\/P90624062_highRes_bmw-f-450-gs-and-r-1.jpg","type":"image\/jpeg"}],"author":"Bartman","twitter_card":"summary_large_image","twitter_misc":{"\u00c9crit par":"Bartman"},"schema":{"@context":"https:\/\/schema.org","@graph":[{"@type":"Article","@id":"https:\/\/gregoirmotorbikes.be\/de-nieuwe-bmw-f-450-gs-elke-dag-een-avontuur\/#article","isPartOf":{"@id":"https:\/\/gregoirmotorbikes.be\/de-nieuwe-bmw-f-450-gs-elke-dag-een-avontuur\/"},"author":{"name":"Bartman","@id":"https:\/\/gregoirmotorbikes.be\/#\/schema\/person\/b7b3ec3329580d50844091fedbfcfafc"},"headline":"La Nouvelle BMW F 450 GS. Chaque jour est une aventure.","datePublished":"2025-12-04T11:40:36+00:00","dateModified":"2025-12-04T12:14:13+00:00","mainEntityOfPage":{"@id":"https:\/\/gregoirmotorbikes.be\/de-nieuwe-bmw-f-450-gs-elke-dag-een-avontuur\/"},"wordCount":78,"image":{"@id":"https:\/\/gregoirmotorbikes.be\/de-nieuwe-bmw-f-450-gs-elke-dag-een-avontuur\/#primaryimage"},"thumbnailUrl":"https:\/\/gregoirmotorbikes-109ad.kxcdn.com\/wp-content\/uploads\/2025\/12\/P90624062_highRes_bmw-f-450-gs-and-r-1.jpg","articleSection":["Actualit\u00e9"],"inLanguage":"fr-FR"},{"@type":"WebPage","@id":"https:\/\/gregoirmotorbikes.be\/de-nieuwe-bmw-f-450-gs-elke-dag-een-avontuur\/","url":"https:\/\/gregoirmotorbikes.be\/de-nieuwe-bmw-f-450-gs-elke-dag-een-avontuur\/","name":"La Nouvelle BMW F 450 GS. Chaque jour est une aventure. - Gregoir Motorbikes.","isPartOf":{"@id":"https:\/\/gregoirmotorbikes.be\/#website"},"primaryImageOfPage":{"@id":"https:\/\/gregoirmotorbikes.be\/de-nieuwe-bmw-f-450-gs-elke-dag-een-avontuur\/#primaryimage"},"image":{"@id":"https:\/\/gregoirmotorbikes.be\/de-nieuwe-bmw-f-450-gs-elke-dag-een-avontuur\/#primaryimage"},"thumbnailUrl":"https:\/\/gregoirmotorbikes-109ad.kxcdn.com\/wp-content\/uploads\/2025\/12\/P90624062_highRes_bmw-f-450-gs-and-r-1.jpg","datePublished":"2025-12-04T11:40:36+00:00","dateModified":"2025-12-04T12:14:13+00:00","author":{"@id":"https:\/\/gregoirmotorbikes.be\/#\/schema\/person\/b7b3ec3329580d50844091fedbfcfafc"},"breadcrumb":{"@id":"https:\/\/gregoirmotorbikes.be\/de-nieuwe-bmw-f-450-gs-elke-dag-een-avontuur\/#breadcrumb"},"inLanguage":"fr-FR","potentialAction":[{"@type":"ReadAction","target":["https:\/\/gregoirmotorbikes.be\/de-nieuwe-bmw-f-450-gs-elke-dag-een-avontuur\/"]}]},{"@type":"ImageObject","inLanguage":"fr-FR","@id":"https:\/\/gregoirmotorbikes.be\/de-nieuwe-bmw-f-450-gs-elke-dag-een-avontuur\/#primaryimage","url":"https:\/\/gregoirmotorbikes-109ad.kxcdn.com\/wp-content\/uploads\/2025\/12\/P90624062_highRes_bmw-f-450-gs-and-r-1.jpg","contentUrl":"https:\/\/gregoirmotorbikes-109ad.kxcdn.com\/wp-content\/uploads\/2025\/12\/P90624062_highRes_bmw-f-450-gs-and-r-1.jpg","width":1920,"height":1035},{"@type":"BreadcrumbList","@id":"https:\/\/gregoirmotorbikes.be\/de-nieuwe-bmw-f-450-gs-elke-dag-een-avontuur\/#breadcrumb","itemListElement":[{"@type":"ListItem","position":1,"name":"Home","item":"https:\/\/gregoirmotorbikes.be\/fr\/"},{"@type":"ListItem","position":2,"name":"La Nouvelle BMW F 450 GS. Chaque jour est une aventure."}]},{"@type":"WebSite","@id":"https:\/\/gregoirmotorbikes.be\/#website","url":"https:\/\/gregoirmotorbikes.be\/","name":"Gregoir Motorbikes.","description":"","potentialAction":[{"@type":"SearchAction","target":{"@type":"EntryPoint","urlTemplate":"https:\/\/gregoirmotorbikes.be\/?s={search_term_string}"},"query-input":{"@type":"PropertyValueSpecification","valueRequired":true,"valueName":"search_term_string"}}],"inLanguage":"fr-FR"},{"@type":"Person","@id":"https:\/\/gregoirmotorbikes.be\/#\/schema\/person\/b7b3ec3329580d50844091fedbfcfafc","name":"Bartman","url":"https:\/\/gregoirmotorbikes.be\/fr\/author\/bartman\/"}]}},"_links":{"self":[{"href":"https:\/\/gregoirmotorbikes.be\/fr\/wp-json\/wp\/v2\/posts\/10766","targetHints":{"allow":["GET"]}}],"collection":[{"href":"https:\/\/gregoirmotorbikes.be\/fr\/wp-json\/wp\/v2\/posts"}],"about":[{"href":"https:\/\/gregoirmotorbikes.be\/fr\/wp-json\/wp\/v2\/types\/post"}],"author":[{"embeddable":true,"href":"https:\/\/gregoirmotorbikes.be\/fr\/wp-json\/wp\/v2\/users\/1"}],"replies":[{"embeddable":true,"href":"https:\/\/gregoirmotorbikes.be\/fr\/wp-json\/wp\/v2\/comments?post=10766"}],"version-history":[{"count":3,"href":"https:\/\/gregoirmotorbikes.be\/fr\/wp-json\/wp\/v2\/posts\/10766\/revisions"}],"predecessor-version":[{"id":10783,"href":"https:\/\/gregoirmotorbikes.be\/fr\/wp-json\/wp\/v2\/posts\/10766\/revisions\/10783"}],"wp:featuredmedia":[{"embeddable":true,"href":"https:\/\/gregoirmotorbikes.be\/fr\/wp-json\/wp\/v2\/media\/10747"}],"wp:attachment":[{"href":"https:\/\/gregoirmotorbikes.be\/fr\/wp-json\/wp\/v2\/media?parent=10766"}],"wp:term":[{"taxonomy":"category","embeddable":true,"href":"https:\/\/gregoirmotorbikes.be\/fr\/wp-json\/wp\/v2\/categories?post=10766"},{"taxonomy":"post_tag","embeddable":true,"href":"https:\/\/gregoirmotorbikes.be\/fr\/wp-json\/wp\/v2\/tags?post=10766"}],"curies":[{"name":"wp","href":"https:\/\/api.w.org\/{rel}","templated":true}]}}